[{"@context":"https:\/\/schema.org\/","@type":"Article","@id":"https:\/\/www.pbgrow.cz\/inu-politika\/#Article","mainEntityOfPage":"https:\/\/www.pbgrow.cz\/inu-politika\/","headline":"Inu, politika","name":"Inu, politika","description":"\u017d\u00e1dn\u00e1 zem\u011b by nevzkv\u00e9tala, kdyby v\u00a0n\u00ed panoval naprost\u00fd chaos. A proto je v\u00a0ka\u017ed\u00e9 zemi zapot\u0159eb\u00ed vybrat z\u00a0\u0159ad obyvatelstva n\u011bkoho, kdo se takzvan\u011b chop\u00ed vl\u00e1dy a &hellip; ","datePublished":"2022-02-17","dateModified":"2023-05-22","author":{"@type":"Person","@id":"https:\/\/www.pbgrow.cz\/author\/#Person","name":"","url":"https:\/\/www.pbgrow.cz\/author\/","identifier":1,"image":{"@type":"ImageObject","@id":"https:\/\/secure.gravatar.com\/avatar\/6808215d501bdbb001ef3734be3cdad1be23596de78c590ed2ac5868fce74c95?s=96&d=mm&r=g","url":"https:\/\/secure.gravatar.com\/avatar\/6808215d501bdbb001ef3734be3cdad1be23596de78c590ed2ac5868fce74c95?s=96&d=mm&r=g","height":96,"width":96}},"publisher":{"@type":"Organization","name":"pbgrow.cz","logo":{"@type":"ImageObject","@id":"\/logo.png","url":"\/logo.png","width":600,"height":60}},"image":{"@type":"ImageObject","@id":"https:\/\/www.pbgrow.cz\/wp-content\/uploads\/americk%C3%A1%20politika.jpg","url":"https:\/\/www.pbgrow.cz\/wp-content\/uploads\/americk%C3%A1%20politika.jpg","height":0,"width":0},"url":"https:\/\/www.pbgrow.cz\/inu-politika\/","about":["Politika"],"wordCount":426,"articleBody":"\u017d\u00e1dn\u00e1 zem\u011b by nevzkv\u00e9tala, kdyby v\u00a0n\u00ed panoval naprost\u00fd chaos. A proto je v\u00a0ka\u017ed\u00e9 zemi zapot\u0159eb\u00ed vybrat z\u00a0\u0159ad obyvatelstva n\u011bkoho, kdo se takzvan\u011b chop\u00ed vl\u00e1dy a kdo tu nastol\u00ed \u0159\u00e1d. Takov\u00fd \u0159\u00e1d, jak\u00fd obyvatelstvo dobrovoln\u011b nebo t\u0159eba i proti sv\u00e9 v\u016fli akceptuje a p\u0159izp\u016fsob\u00ed se mu, aby bylo zaji\u0161t\u011bno, \u017ee to tu bude n\u011bjak fungovat.A proto\u017ee je logick\u00e9, \u017ee by si n\u011bkdo, kdo by z\u00edskal podobnou moc, r\u00e1d nastavil ona pravidla tak, aby to vyhovovalo p\u0159edev\u0161\u00edm jemu, je \u017e\u00e1douc\u00ed, aby se takov\u00ed vl\u00e1dci st\u0159\u00eddali rychleji, ne\u017e sta\u010d\u00ed svou moc zneu\u017e\u00edt v\u00edc, ne\u017e je to akceptovateln\u00e9.A takov\u00e9mu vl\u00e1dnut\u00ed a st\u0159\u00edd\u00e1n\u00ed se u moci se tradi\u010dn\u011b \u0159\u00edk\u00e1 politika.Na to, \u017ee u n\u00e1s politika existuje, u\u017e jsme odmala zvykl\u00ed. Proto\u017ee tady byla u\u017e daleko d\u0159\u00edve ne\u017e my v\u0161ichni, kdo tu \u017eijeme. Ale sledujeme-li jej\u00ed historick\u00fd v\u00fdvoj, mus\u00edme konstatovat, \u017ee se p\u0159ece jenom pr\u016fb\u011b\u017en\u011b m\u011bn\u00ed. P\u0159izp\u016fsobuje se lidem a lid\u00e9 se p\u0159izp\u016fsobuj\u00ed j\u00ed, a proto je p\u0159ece jenom v\u00a0ka\u017ed\u00e9 etap\u011b v\u00fdvoje pon\u011bkud odli\u0161n\u00e1.Pamatuji nap\u0159\u00edklad svoji babi\u010dku, je\u017e za sv\u00fdch mlad\u00fdch let u\u0161la pomalu sv\u011bta kraj, jenom aby zd\u00e1lky a na chv\u00edli zahl\u00e9dla c\u00edsa\u0159e p\u00e1na. A byl to pro ni \u017eivotn\u00ed z\u00e1\u017eitek. Zat\u00edmco my dnes m\u016f\u017eeme politiky uvid\u011bt daleko sn\u00e1ze, proto\u017ee se k\u00a0n\u00e1m tito sami p\u0159ibli\u017euj\u00ed minim\u00e1ln\u011b v\u00a0dob\u011b voleb, a zpravidla po nich sp\u00ed\u0161e h\u00e1z\u00edme vaj\u00ed\u010dka nebo se na jejich adresu vyjad\u0159ujeme notn\u011b nevyb\u00edrav\u011b, ne\u017e abychom je obdivovali.A mo\u017en\u00e1 si mus\u00edme p\u0159iznat, \u017ee si za tuto zm\u011bnu mohou politici do jist\u00e9 m\u00edry i sami. Proto\u017ee sledujeme-li jejich po\u010d\u00edn\u00e1n\u00ed, najde se hodn\u011b toho, co se n\u00e1m na jejich politice nel\u00edb\u00ed nebo aspo\u0148 nemus\u00ed l\u00edbit. A je pochopiteln\u00e9, \u017ee kdy\u017e se n\u00e1m n\u011b\u010d\u00ed styl vl\u00e1dnut\u00ed nel\u00edb\u00ed, br\u00e1n\u00edme se, jak jenom m\u016f\u017eeme, a rozhodn\u011b p\u0159i tom nejednou ne\u010dek\u00e1me a\u017e do p\u0159\u00ed\u0161t\u00edch voleb.Co\u017e se ale dalo \u010dekat. Proto\u017ee i politici jsou jenom lidi, a ani oni se nedok\u00e1\u017eou v\u017edy zavd\u011b\u010dit v\u0161em. A n\u011bkdy se nezavd\u011b\u010d\u00ed nikomu. Leda tak sami sob\u011b.                                                                                                                                                                                                                                                                                                                                                                                        4.6\/5 - (7 votes)        "},{"@context":"https:\/\/schema.org\/","@type":"BreadcrumbList","itemListElement":[{"@type":"ListItem","position":1,"name":"Inu, politika","item":"https:\/\/www.pbgrow.cz\/inu-politika\/#breadcrumbitem"}]}]